{"id":8376,"date":"2023-11-09T11:13:18","date_gmt":"2023-11-09T09:13:18","guid":{"rendered":"https:\/\/biopark.ee\/?p=8376"},"modified":"2023-11-09T11:14:36","modified_gmt":"2023-11-09T09:14:36","slug":"tootuba-abi-ja-teenuste-kattesaadavus-vaimse-tervise-valdkonnas-21-novembril-kell-1300-1530","status":"publish","type":"post","link":"https:\/\/biopark.ee\/et\/syndmused\/tootuba-abi-ja-teenuste-kattesaadavus-vaimse-tervise-valdkonnas-21-novembril-kell-1300-1530\/","title":{"rendered":"T\u00f6\u00f6tuba: Abi ja teenuste k\u00e4ttesaadavus vaimse tervise valdkonnas, 21. novembril kell 13:00 &#8211; 15:30"},"content":{"rendered":"<p><a href=\"https:\/\/biopark.ee\/wp-content\/uploads\/2023\/11\/CB-II-tootuba-TBP.jpg\"><img decoding=\"async\" class=\"alignnone wp-image-8368\" src=\"https:\/\/biopark.ee\/wp-content\/uploads\/2023\/11\/CB-II-tootuba-TBP-1030x579.jpg\" alt=\"\" width=\"752\" height=\"423\" srcset=\"https:\/\/biopark.ee\/wp-content\/uploads\/2023\/11\/CB-II-tootuba-TBP-1030x579.jpg 1030w, https:\/\/biopark.ee\/wp-content\/uploads\/2023\/11\/CB-II-tootuba-TBP-300x169.jpg 300w, https:\/\/biopark.ee\/wp-content\/uploads\/2023\/11\/CB-II-tootuba-TBP-768x432.jpg 768w, https:\/\/biopark.ee\/wp-content\/uploads\/2023\/11\/CB-II-tootuba-TBP-1536x864.jpg 1536w, https:\/\/biopark.ee\/wp-content\/uploads\/2023\/11\/CB-II-tootuba-TBP-18x10.jpg 18w, https:\/\/biopark.ee\/wp-content\/uploads\/2023\/11\/CB-II-tootuba-TBP-1500x844.jpg 1500w, https:\/\/biopark.ee\/wp-content\/uploads\/2023\/11\/CB-II-tootuba-TBP-705x397.jpg 705w, https:\/\/biopark.ee\/wp-content\/uploads\/2023\/11\/CB-II-tootuba-TBP.jpg 1920w\" sizes=\"(max-width: 752px) 100vw, 752px\" \/><\/a><\/p>\n<p class=\"time\"><strong>Aeg:<\/strong> Teisip\u00e4ev, 21. november kell 13:00 &#8211; 15:30<\/p>\n<p class=\"location\"><strong>Koht:<\/strong> Tartu Loodusmaja, Lille 10, 51010 Tartu, Tartu maakond<\/p>\n<p>Kutsume vaimse tervise valdkonna spetsialiste osalema t\u00f6\u00f6toas, et keskenduda abi ja teenuste k\u00e4ttesaadavuse murekohtadele ja lahendustele. Eesm\u00e4rk on toetada valdkonna osapooli kogukonnana, selleks, et saaksime kogemusi jagada ja lahenduste osas \u00fchiselt t\u00f6\u00f6tada, et j\u00f5uda edukate praktikateni. T\u00f6\u00f6tuba toimub <strong>21. novembri<\/strong> p\u00e4rastl\u00f5unal Tartu Loodusmajas.<\/p>\n<p>R\u00e4\u00e4gime sekkumistest\/projektidest ja innovatsioonist valdkonnas t\u00e4psemalt ja p\u00fc\u00fcame j\u00f5uda aruteluga parema arusaamiseni, kuidas ja millised sekkumised v\u00f5iksid olla k\u00f5ige paremini rakendatavad ja omaks suuremat m\u00f5ju.<\/p>\n<p><strong>Ajakava t\u00e4psustamisel.<\/strong><br \/>\n13:00 Kogunemine<br \/>\n13:15 Sissejuhatus<br \/>\n13:25 Valdkonna osapoolte ettekanded<br \/>\nMarko T\u00e4hnas &#8211; Tervisekassa &#8211; Klaabu projekti edasiminekud<br \/>\nAndreas Holst &#8211; Peaasjad &#8211; Peahea sekkumine<br \/>\n15:30 \u00dcrituse l\u00f5pp<\/p>\n<p>\u00dcritus toimub eesti keeles ja osalemine on tasuta, kuid n\u00f5uab teemade arutelus osalemiseks seotust valdkonnaga ja vajalik on eelnev registreerimine.<\/p>\n<p><strong><a href=\"https:\/\/fienta.com\/et\/kattesaadavus-vaimse-tervise-valdkonnas-74381\">Registreeru<\/a><\/strong><\/p>\n<p>\u00dcritust korraldab <a href=\"https:\/\/biopark.ee\/et\/\" target=\"_blank\" rel=\"nofollow noreferrer noopener\">Tartu Biotehnoloogia Park<\/a> EIT Health poolt toetatud <em>Capacity Building<\/em> projekti raames. K\u00fcsimuste korral palume v\u00f5tta \u00fchendust <a href=\"mailto:events@biopark.ee\">events@biopark.ee<\/a> v\u00f5i telefoni teel +3725223834.<\/p>","protected":false},"excerpt":{"rendered":"<p>Aeg: Teisip\u00e4ev, 21. november kell 13:00 &#8211; 15:30 Koht: Tartu Loodusmaja, Lille 10, 51010 Tartu, Tartu maakond Kutsume vaimse tervise valdkonna spetsialiste osalema t\u00f6\u00f6toas, et keskenduda abi ja teenuste k\u00e4ttesaadavuse murekohtadele ja lahendustele. Eesm\u00e4rk on toetada valdkonna osapooli kogukonnana, selleks, et saaksime kogemusi jagada ja lahenduste osas \u00fchiselt t\u00f6\u00f6tada, et j\u00f5uda edukate praktikateni. T\u00f6\u00f6tuba toimub [&hellip;]<\/p>","protected":false},"author":13,"featured_media":0,"comment_status":"closed","ping_status":"closed","sticky":false,"template":"","format":"standard","meta":{"_acf_changed":false,"om_disable_all_campaigns":false,"_monsterinsights_skip_tracking":false,"_monsterinsights_sitenote_active":false,"_monsterinsights_sitenote_note":"","_monsterinsights_sitenote_category":0,"_uf_show_specific_survey":0,"_uf_disable_surveys":false,"ngg_post_thumbnail":0,"_themeisle_gutenberg_block_has_review":false,"footnotes":"","_links_to":"","_links_to_target":""},"categories":[31],"tags":[],"class_list":["post-8376","post","type-post","status-publish","format-standard","hentry","category-syndmused"],"acf":[],"yoast_head":"<!-- This site is optimized with the Yoast SEO plugin v22.3 - https:\/\/yoast.com\/wordpress\/plugins\/seo\/ -->\n<title>T\u00f6\u00f6tuba: Abi ja teenuste k\u00e4ttesaadavus vaimse tervise valdkonnas, 21. novembril kell 13:00 - 15:30 - BioPark<\/title>\n<meta name=\"robots\" content=\"index, follow, max-snippet:-1, max-image-preview:large, max-video-preview:-1\" \/>\n<link rel=\"canonical\" href=\"https:\/\/biopark.ee\/et\/syndmused\/tootuba-abi-ja-teenuste-kattesaadavus-vaimse-tervise-valdkonnas-21-novembril-kell-1300-1530\/\" \/>\n<meta property=\"og:locale\" content=\"et_EE\" \/>\n<meta property=\"og:type\" content=\"article\" \/>\n<meta property=\"og:title\" content=\"T\u00f6\u00f6tuba: Abi ja teenuste k\u00e4ttesaadavus vaimse tervise valdkonnas, 21. novembril kell 13:00 - 15:30 - BioPark\" \/>\n<meta property=\"og:description\" content=\"Aeg: Teisip\u00e4ev, 21. november kell 13:00 &#8211; 15:30 Koht: Tartu Loodusmaja, Lille 10, 51010 Tartu, Tartu maakond Kutsume vaimse tervise valdkonna spetsialiste osalema t\u00f6\u00f6toas, et keskenduda abi ja teenuste k\u00e4ttesaadavuse murekohtadele ja lahendustele. Eesm\u00e4rk on toetada valdkonna osapooli kogukonnana, selleks, et saaksime kogemusi jagada ja lahenduste osas \u00fchiselt t\u00f6\u00f6tada, et j\u00f5uda edukate praktikateni. T\u00f6\u00f6tuba toimub [&hellip;]\" \/>\n<meta property=\"og:url\" content=\"https:\/\/biopark.ee\/et\/syndmused\/tootuba-abi-ja-teenuste-kattesaadavus-vaimse-tervise-valdkonnas-21-novembril-kell-1300-1530\/\" \/>\n<meta property=\"og:site_name\" content=\"BioPark\" \/>\n<meta property=\"article:published_time\" content=\"2023-11-09T09:13:18+00:00\" \/>\n<meta property=\"article:modified_time\" content=\"2023-11-09T09:14:36+00:00\" \/>\n<meta property=\"og:image\" content=\"https:\/\/biopark.ee\/wp-content\/uploads\/2023\/11\/CB-II-tootuba-TBP-1030x579.jpg\" \/>\n<meta name=\"author\" content=\"Triin Vakker\" \/>\n<meta name=\"twitter:label1\" content=\"Written by\" \/>\n\t<meta name=\"twitter:data1\" content=\"Triin Vakker\" \/>\n\t<meta name=\"twitter:label2\" content=\"Est. reading time\" \/>\n\t<meta name=\"twitter:data2\" content=\"1 minut\" \/>\n<script type=\"application\/ld+json\" class=\"yoast-schema-graph\">{\"@context\":\"https:\/\/schema.org\",\"@graph\":[{\"@type\":\"WebPage\",\"@id\":\"https:\/\/biopark.ee\/syndmused\/tootuba-abi-ja-teenuste-kattesaadavus-vaimse-tervise-valdkonnas-21-novembril-kell-1300-1530\/\",\"url\":\"https:\/\/biopark.ee\/syndmused\/tootuba-abi-ja-teenuste-kattesaadavus-vaimse-tervise-valdkonnas-21-novembril-kell-1300-1530\/\",\"name\":\"T\u00f6\u00f6tuba: Abi ja teenuste k\u00e4ttesaadavus vaimse tervise valdkonnas, 21. novembril kell 13:00 - 15:30 - BioPark\",\"isPartOf\":{\"@id\":\"https:\/\/biopark.ee\/#website\"},\"primaryImageOfPage\":{\"@id\":\"https:\/\/biopark.ee\/syndmused\/tootuba-abi-ja-teenuste-kattesaadavus-vaimse-tervise-valdkonnas-21-novembril-kell-1300-1530\/#primaryimage\"},\"image\":{\"@id\":\"https:\/\/biopark.ee\/syndmused\/tootuba-abi-ja-teenuste-kattesaadavus-vaimse-tervise-valdkonnas-21-novembril-kell-1300-1530\/#primaryimage\"},\"thumbnailUrl\":\"https:\/\/biopark.ee\/wp-content\/uploads\/2023\/11\/CB-II-tootuba-TBP-1030x579.jpg\",\"datePublished\":\"2023-11-09T09:13:18+00:00\",\"dateModified\":\"2023-11-09T09:14:36+00:00\",\"author\":{\"@id\":\"https:\/\/biopark.ee\/#\/schema\/person\/aa076cbf7d58705e6f70c3b260bd73c1\"},\"breadcrumb\":{\"@id\":\"https:\/\/biopark.ee\/syndmused\/tootuba-abi-ja-teenuste-kattesaadavus-vaimse-tervise-valdkonnas-21-novembril-kell-1300-1530\/#breadcrumb\"},\"inLanguage\":\"et\",\"potentialAction\":[{\"@type\":\"ReadAction\",\"target\":[\"https:\/\/biopark.ee\/syndmused\/tootuba-abi-ja-teenuste-kattesaadavus-vaimse-tervise-valdkonnas-21-novembril-kell-1300-1530\/\"]}]},{\"@type\":\"ImageObject\",\"inLanguage\":\"et\",\"@id\":\"https:\/\/biopark.ee\/syndmused\/tootuba-abi-ja-teenuste-kattesaadavus-vaimse-tervise-valdkonnas-21-novembril-kell-1300-1530\/#primaryimage\",\"url\":\"https:\/\/biopark.ee\/wp-content\/uploads\/2023\/11\/CB-II-tootuba-TBP.jpg\",\"contentUrl\":\"https:\/\/biopark.ee\/wp-content\/uploads\/2023\/11\/CB-II-tootuba-TBP.jpg\",\"width\":1920,\"height\":1080},{\"@type\":\"BreadcrumbList\",\"@id\":\"https:\/\/biopark.ee\/syndmused\/tootuba-abi-ja-teenuste-kattesaadavus-vaimse-tervise-valdkonnas-21-novembril-kell-1300-1530\/#breadcrumb\",\"itemListElement\":[{\"@type\":\"ListItem\",\"position\":1,\"name\":\"Home\",\"item\":\"https:\/\/biopark.ee\/avaleht\/\"},{\"@type\":\"ListItem\",\"position\":2,\"name\":\"T\u00f6\u00f6tuba: Abi ja teenuste k\u00e4ttesaadavus vaimse tervise valdkonnas, 21. novembril kell 13:00 &#8211; 15:30\"}]},{\"@type\":\"WebSite\",\"@id\":\"https:\/\/biopark.ee\/#website\",\"url\":\"https:\/\/biopark.ee\/\",\"name\":\"BioPark\",\"description\":\"\",\"potentialAction\":[{\"@type\":\"SearchAction\",\"target\":{\"@type\":\"EntryPoint\",\"urlTemplate\":\"https:\/\/biopark.ee\/?s={search_term_string}\"},\"query-input\":\"required name=search_term_string\"}],\"inLanguage\":\"et\"},{\"@type\":\"Person\",\"@id\":\"https:\/\/biopark.ee\/#\/schema\/person\/aa076cbf7d58705e6f70c3b260bd73c1\",\"name\":\"Triin Vakker\",\"url\":\"https:\/\/biopark.ee\/et\/author\/triin\/\"}]}<\/script>\n<!-- \/ Yoast SEO plugin. -->","yoast_head_json":{"title":"T\u00f6\u00f6tuba: Abi ja teenuste k\u00e4ttesaadavus vaimse tervise valdkonnas, 21. novembril kell 13:00 - 15:30 - BioPark","robots":{"index":"index","follow":"follow","max-snippet":"max-snippet:-1","max-image-preview":"max-image-preview:large","max-video-preview":"max-video-preview:-1"},"canonical":"https:\/\/biopark.ee\/et\/syndmused\/tootuba-abi-ja-teenuste-kattesaadavus-vaimse-tervise-valdkonnas-21-novembril-kell-1300-1530\/","og_locale":"et_EE","og_type":"article","og_title":"T\u00f6\u00f6tuba: Abi ja teenuste k\u00e4ttesaadavus vaimse tervise valdkonnas, 21. novembril kell 13:00 - 15:30 - BioPark","og_description":"Aeg: Teisip\u00e4ev, 21. november kell 13:00 &#8211; 15:30 Koht: Tartu Loodusmaja, Lille 10, 51010 Tartu, Tartu maakond Kutsume vaimse tervise valdkonna spetsialiste osalema t\u00f6\u00f6toas, et keskenduda abi ja teenuste k\u00e4ttesaadavuse murekohtadele ja lahendustele. Eesm\u00e4rk on toetada valdkonna osapooli kogukonnana, selleks, et saaksime kogemusi jagada ja lahenduste osas \u00fchiselt t\u00f6\u00f6tada, et j\u00f5uda edukate praktikateni. T\u00f6\u00f6tuba toimub [&hellip;]","og_url":"https:\/\/biopark.ee\/et\/syndmused\/tootuba-abi-ja-teenuste-kattesaadavus-vaimse-tervise-valdkonnas-21-novembril-kell-1300-1530\/","og_site_name":"BioPark","article_published_time":"2023-11-09T09:13:18+00:00","article_modified_time":"2023-11-09T09:14:36+00:00","og_image":[{"url":"https:\/\/biopark.ee\/wp-content\/uploads\/2023\/11\/CB-II-tootuba-TBP-1030x579.jpg"}],"author":"Triin Vakker","twitter_misc":{"Written by":"Triin Vakker","Est. reading time":"1 minut"},"schema":{"@context":"https:\/\/schema.org","@graph":[{"@type":"WebPage","@id":"https:\/\/biopark.ee\/syndmused\/tootuba-abi-ja-teenuste-kattesaadavus-vaimse-tervise-valdkonnas-21-novembril-kell-1300-1530\/","url":"https:\/\/biopark.ee\/syndmused\/tootuba-abi-ja-teenuste-kattesaadavus-vaimse-tervise-valdkonnas-21-novembril-kell-1300-1530\/","name":"T\u00f6\u00f6tuba: Abi ja teenuste k\u00e4ttesaadavus vaimse tervise valdkonnas, 21. novembril kell 13:00 - 15:30 - BioPark","isPartOf":{"@id":"https:\/\/biopark.ee\/#website"},"primaryImageOfPage":{"@id":"https:\/\/biopark.ee\/syndmused\/tootuba-abi-ja-teenuste-kattesaadavus-vaimse-tervise-valdkonnas-21-novembril-kell-1300-1530\/#primaryimage"},"image":{"@id":"https:\/\/biopark.ee\/syndmused\/tootuba-abi-ja-teenuste-kattesaadavus-vaimse-tervise-valdkonnas-21-novembril-kell-1300-1530\/#primaryimage"},"thumbnailUrl":"https:\/\/biopark.ee\/wp-content\/uploads\/2023\/11\/CB-II-tootuba-TBP-1030x579.jpg","datePublished":"2023-11-09T09:13:18+00:00","dateModified":"2023-11-09T09:14:36+00:00","author":{"@id":"https:\/\/biopark.ee\/#\/schema\/person\/aa076cbf7d58705e6f70c3b260bd73c1"},"breadcrumb":{"@id":"https:\/\/biopark.ee\/syndmused\/tootuba-abi-ja-teenuste-kattesaadavus-vaimse-tervise-valdkonnas-21-novembril-kell-1300-1530\/#breadcrumb"},"inLanguage":"et","potentialAction":[{"@type":"ReadAction","target":["https:\/\/biopark.ee\/syndmused\/tootuba-abi-ja-teenuste-kattesaadavus-vaimse-tervise-valdkonnas-21-novembril-kell-1300-1530\/"]}]},{"@type":"ImageObject","inLanguage":"et","@id":"https:\/\/biopark.ee\/syndmused\/tootuba-abi-ja-teenuste-kattesaadavus-vaimse-tervise-valdkonnas-21-novembril-kell-1300-1530\/#primaryimage","url":"https:\/\/biopark.ee\/wp-content\/uploads\/2023\/11\/CB-II-tootuba-TBP.jpg","contentUrl":"https:\/\/biopark.ee\/wp-content\/uploads\/2023\/11\/CB-II-tootuba-TBP.jpg","width":1920,"height":1080},{"@type":"BreadcrumbList","@id":"https:\/\/biopark.ee\/syndmused\/tootuba-abi-ja-teenuste-kattesaadavus-vaimse-tervise-valdkonnas-21-novembril-kell-1300-1530\/#breadcrumb","itemListElement":[{"@type":"ListItem","position":1,"name":"Home","item":"https:\/\/biopark.ee\/avaleht\/"},{"@type":"ListItem","position":2,"name":"T\u00f6\u00f6tuba: Abi ja teenuste k\u00e4ttesaadavus vaimse tervise valdkonnas, 21. novembril kell 13:00 &#8211; 15:30"}]},{"@type":"WebSite","@id":"https:\/\/biopark.ee\/#website","url":"https:\/\/biopark.ee\/","name":"BioPark","description":"","potentialAction":[{"@type":"SearchAction","target":{"@type":"EntryPoint","urlTemplate":"https:\/\/biopark.ee\/?s={search_term_string}"},"query-input":"required name=search_term_string"}],"inLanguage":"et"},{"@type":"Person","@id":"https:\/\/biopark.ee\/#\/schema\/person\/aa076cbf7d58705e6f70c3b260bd73c1","name":"Triin Vakker","url":"https:\/\/biopark.ee\/et\/author\/triin\/"}]}},"_links":{"self":[{"href":"https:\/\/biopark.ee\/et\/wp-json\/wp\/v2\/posts\/8376","targetHints":{"allow":["GET"]}}],"collection":[{"href":"https:\/\/biopark.ee\/et\/wp-json\/wp\/v2\/posts"}],"about":[{"href":"https:\/\/biopark.ee\/et\/wp-json\/wp\/v2\/types\/post"}],"author":[{"embeddable":true,"href":"https:\/\/biopark.ee\/et\/wp-json\/wp\/v2\/users\/13"}],"replies":[{"embeddable":true,"href":"https:\/\/biopark.ee\/et\/wp-json\/wp\/v2\/comments?post=8376"}],"version-history":[{"count":3,"href":"https:\/\/biopark.ee\/et\/wp-json\/wp\/v2\/posts\/8376\/revisions"}],"predecessor-version":[{"id":8378,"href":"https:\/\/biopark.ee\/et\/wp-json\/wp\/v2\/posts\/8376\/revisions\/8378"}],"wp:attachment":[{"href":"https:\/\/biopark.ee\/et\/wp-json\/wp\/v2\/media?parent=8376"}],"wp:term":[{"taxonomy":"category","embeddable":true,"href":"https:\/\/biopark.ee\/et\/wp-json\/wp\/v2\/categories?post=8376"},{"taxonomy":"post_tag","embeddable":true,"href":"https:\/\/biopark.ee\/et\/wp-json\/wp\/v2\/tags?post=8376"}],"curies":[{"name":"wp","href":"https:\/\/api.w.org\/{rel}","templated":true}]}}